{"id":2626,"date":"2025-10-02T10:23:47","date_gmt":"2025-10-02T14:23:47","guid":{"rendered":"https:\/\/revistamarcas.net\/?p=2626"},"modified":"2025-10-02T10:23:47","modified_gmt":"2025-10-02T14:23:47","slug":"rebranding-una-declaracion-de-intenciones","status":"publish","type":"post","link":"https:\/\/revistamarcas.net\/?p=2626","title":{"rendered":"Rebranding: una declaraci\u00f3n de intenciones"},"content":{"rendered":"<p><em>Por <strong>Rodolfo N\u00f6lck<\/strong><\/em><\/p>\n<p>El <strong>rebranding es, en esencia, la evoluci\u00f3n natural de la marca en el mercado, frente a su consumidor<\/strong>. Es un proceso profundo y estrat\u00e9gico que refleja la madurez, el crecimiento y la adaptaci\u00f3n de una entidad en su entorno, pero que muchas veces es visto por las empresas con temor y con mucha cautela. Y esto puede ser un gran error.<\/p>\n<p>Siempre es una excelente noticia para el consumidor que su marca evolucione, porque inconscientemente percibe que es una mejor\u00eda en el producto: la empresa est\u00e1 pensando en m\u00ed como consumidor.<\/p>\n<p>Entonces, \u00bfcu\u00e1ndo y por qu\u00e9 una marca debe embarcarse en este viaje transformador? Las razones pueden ser diversas y siempre deben estar ancladas en la estrategia de negocio:<\/p>\n<ul>\n<li><strong>Conectar con nuevos p\u00fablicos<\/strong>: una marca puede haber evolucionado m\u00e1s all\u00e1 de su demograf\u00eda inicial y busca resonar con segmentos de mercado diferentes.<\/li>\n<li><strong>Reflejar una nueva forma de hacer negocio<\/strong>: los modelos de negocio cambian, se transforman, adoptan nuevas filosof\u00edas o pivotan hacia nuevas ofertas.<\/li>\n<li><strong>Respaldar cambios en la oferta de productos o servicios<\/strong>: cuando tu empresa diversifica significativamente su portafolio o introduce innovaciones disruptivas, tu imagen debe ser coherente con estas novedades.<\/li>\n<\/ul>\n<p>Implementar un rebranding requiere una planificaci\u00f3n meticulosa y una ejecuci\u00f3n estrat\u00e9gica. Y dependiendo de la envergadura, es posible que incluso represente una inversi\u00f3n importante de recursos. Evaluar el <strong>costo de implementaci\u00f3n<\/strong> es fundamental; pero \u00a1atenci\u00f3n! aunque los costos puedan ser elevados, no implica que el cambio deba ser inmediato para todos los procesos\u00a0 involucrados. Es perfectamente aceptable que la identidad de una marca no cambie de un d\u00eda para otro en todos los puntos de contacto y que los espacios digitales sean los primeros en reflejar los cambios.<\/p>\n<p>La<strong> comunicaci\u00f3n interna <\/strong>es vital. Tu equipo de trabajo debe ser el primero en conocerlo porque adem\u00e1s ser\u00e1 el m\u00e1s importante promotor de la nueva imagen. Si ellos no compran la idea ni entienden la raz\u00f3n del cambio, el esfuerzo ser\u00e1 en vano.<\/p>\n<p>Por \u00faltimo, dise\u00f1ar una<strong> campa\u00f1a de comunicaci\u00f3n clara y creativa<\/strong><strong>.<\/strong> Es crucial comunicar el cambio a los clientes y al p\u00fablico final, echando mano de la creatividad, para sorprender y generar entusiasmo, aceptaci\u00f3n y multiplicaci\u00f3n del mensaje.<\/p>\n<p>El consumidor es m\u00e1s listo de lo que imaginamos, est\u00e1 deseando cosas que ni \u00e9l mismo sabe, y all\u00ed entra la marca a mostrar esa necesidad oculta, d\u00e1ndole respuesta.<\/p>\n<p>En definitiva, el rebranding, lejos de ser un riesgo, es una certeza, es entrar en contacto con el consumidor presentando una cara renovada, rejuvenecida, actualizada, que solo representa valores positivos. Es una declaraci\u00f3n de intenciones, una evoluci\u00f3n estrat\u00e9gica que, bien ejecutada, fortalece la posici\u00f3n de la marca en el mercado, la conecta con su audiencia y la prepara para el futuro.<\/p>\n","protected":false},"excerpt":{"rendered":"<p>A menudo escuchamos la palabra rebranding y la asociamos, casi de manera autom\u00e1tica, con un cambio de logo o un ajuste est\u00e9tico en la identidad visual de una marca. Sin embargo, esta visi\u00f3n es superficial.<\/p>\n","protected":false},"author":8,"featured_media":2627,"comment_status":"open","ping_status":"open","sticky":false,"template":"","format":"standard","meta":{"footnotes":""},"categories":[432],"tags":[433,436,435,434],"class_list":["post-2626","post","type-post","status-publish","format-standard","has-post-thumbnail","hentry","category-articulos","tag-articulo","tag-opinion","tag-revista","tag-rodolfo-nolck"],"yoast_head":"<!-- This site is optimized with the Yoast SEO plugin v27.4 - https:\/\/yoast.com\/product\/yoast-seo-wordpress\/ -->\n<title>Rebranding: una declaraci\u00f3n de intenciones - Revista Marcas<\/title>\n<meta name=\"robots\" content=\"index, follow, max-snippet:-1, max-image-preview:large, max-video-preview:-1\" \/>\n<link rel=\"canonical\" href=\"https:\/\/revistamarcas.net\/?p=2626\" \/>\n<meta property=\"og:locale\" content=\"es_ES\" \/>\n<meta property=\"og:type\" content=\"article\" \/>\n<meta property=\"og:title\" content=\"Rebranding: una declaraci\u00f3n de intenciones - Revista Marcas\" \/>\n<meta property=\"og:description\" content=\"A menudo escuchamos la palabra rebranding y la asociamos, casi de manera autom\u00e1tica, con un cambio de logo o un ajuste est\u00e9tico en la identidad visual de una marca. Sin embargo, esta visi\u00f3n es superficial.\" \/>\n<meta property=\"og:url\" content=\"https:\/\/revistamarcas.net\/?p=2626\" \/>\n<meta property=\"og:site_name\" content=\"Revista Marcas\" \/>\n<meta property=\"article:publisher\" content=\"https:\/\/www.facebook.com\/MarcasVe\" \/>\n<meta property=\"article:published_time\" content=\"2025-10-02T14:23:47+00:00\" \/>\n<meta property=\"og:image\" content=\"https:\/\/revistamarcas.net\/wp-content\/uploads\/2025\/10\/Rodolfo.jpg\" \/>\n\t<meta property=\"og:image:width\" content=\"1024\" \/>\n\t<meta property=\"og:image:height\" content=\"683\" \/>\n\t<meta property=\"og:image:type\" content=\"image\/jpeg\" \/>\n<meta name=\"author\" content=\"Revista Marcas\" \/>\n<meta name=\"twitter:card\" content=\"summary_large_image\" \/>\n<meta name=\"twitter:label1\" content=\"Escrito por\" \/>\n\t<meta name=\"twitter:data1\" content=\"Revista Marcas\" \/>\n\t<meta name=\"twitter:label2\" content=\"Tiempo de lectura\" \/>\n\t<meta name=\"twitter:data2\" content=\"2 minutos\" \/>\n<script type=\"application\/ld+json\" class=\"yoast-schema-graph\">{\"@context\":\"https:\\\/\\\/schema.org\",\"@graph\":[{\"@type\":\"NewsArticle\",\"@id\":\"https:\\\/\\\/revistamarcas.net\\\/?p=2626#article\",\"isPartOf\":{\"@id\":\"https:\\\/\\\/revistamarcas.net\\\/?p=2626\"},\"author\":{\"name\":\"Revista Marcas\",\"@id\":\"https:\\\/\\\/revistamarcas.net\\\/#\\\/schema\\\/person\\\/a149417727082680051f19287f3ca846\"},\"headline\":\"Rebranding: una declaraci\u00f3n de intenciones\",\"datePublished\":\"2025-10-02T14:23:47+00:00\",\"mainEntityOfPage\":{\"@id\":\"https:\\\/\\\/revistamarcas.net\\\/?p=2626\"},\"wordCount\":492,\"commentCount\":0,\"publisher\":{\"@id\":\"https:\\\/\\\/revistamarcas.net\\\/#organization\"},\"image\":{\"@id\":\"https:\\\/\\\/revistamarcas.net\\\/?p=2626#primaryimage\"},\"thumbnailUrl\":\"https:\\\/\\\/revistamarcas.net\\\/wp-content\\\/uploads\\\/2025\\\/10\\\/Rodolfo.jpg\",\"keywords\":[\"Articulo\",\"Opini\u00f3n\",\"Revista\",\"Rodolfo Nolck\"],\"articleSection\":[\"Articulos\"],\"inLanguage\":\"es\",\"potentialAction\":[{\"@type\":\"CommentAction\",\"name\":\"Comment\",\"target\":[\"https:\\\/\\\/revistamarcas.net\\\/?p=2626#respond\"]}]},{\"@type\":\"WebPage\",\"@id\":\"https:\\\/\\\/revistamarcas.net\\\/?p=2626\",\"url\":\"https:\\\/\\\/revistamarcas.net\\\/?p=2626\",\"name\":\"Rebranding: una declaraci\u00f3n de intenciones - Revista Marcas\",\"isPartOf\":{\"@id\":\"https:\\\/\\\/revistamarcas.net\\\/#website\"},\"primaryImageOfPage\":{\"@id\":\"https:\\\/\\\/revistamarcas.net\\\/?p=2626#primaryimage\"},\"image\":{\"@id\":\"https:\\\/\\\/revistamarcas.net\\\/?p=2626#primaryimage\"},\"thumbnailUrl\":\"https:\\\/\\\/revistamarcas.net\\\/wp-content\\\/uploads\\\/2025\\\/10\\\/Rodolfo.jpg\",\"datePublished\":\"2025-10-02T14:23:47+00:00\",\"breadcrumb\":{\"@id\":\"https:\\\/\\\/revistamarcas.net\\\/?p=2626#breadcrumb\"},\"inLanguage\":\"es\",\"potentialAction\":[{\"@type\":\"ReadAction\",\"target\":[\"https:\\\/\\\/revistamarcas.net\\\/?p=2626\"]}]},{\"@type\":\"ImageObject\",\"inLanguage\":\"es\",\"@id\":\"https:\\\/\\\/revistamarcas.net\\\/?p=2626#primaryimage\",\"url\":\"https:\\\/\\\/revistamarcas.net\\\/wp-content\\\/uploads\\\/2025\\\/10\\\/Rodolfo.jpg\",\"contentUrl\":\"https:\\\/\\\/revistamarcas.net\\\/wp-content\\\/uploads\\\/2025\\\/10\\\/Rodolfo.jpg\",\"width\":1024,\"height\":683},{\"@type\":\"BreadcrumbList\",\"@id\":\"https:\\\/\\\/revistamarcas.net\\\/?p=2626#breadcrumb\",\"itemListElement\":[{\"@type\":\"ListItem\",\"position\":1,\"name\":\"Portada\",\"item\":\"https:\\\/\\\/revistamarcas.net\\\/\"},{\"@type\":\"ListItem\",\"position\":2,\"name\":\"Rebranding: una declaraci\u00f3n de intenciones\"}]},{\"@type\":\"WebSite\",\"@id\":\"https:\\\/\\\/revistamarcas.net\\\/#website\",\"url\":\"https:\\\/\\\/revistamarcas.net\\\/\",\"name\":\"Revista Marcas\",\"description\":\"Donde Negocios, Branding  y Creatividad se Unen\",\"publisher\":{\"@id\":\"https:\\\/\\\/revistamarcas.net\\\/#organization\"},\"potentialAction\":[{\"@type\":\"SearchAction\",\"target\":{\"@type\":\"EntryPoint\",\"urlTemplate\":\"https:\\\/\\\/revistamarcas.net\\\/?s={search_term_string}\"},\"query-input\":{\"@type\":\"PropertyValueSpecification\",\"valueRequired\":true,\"valueName\":\"search_term_string\"}}],\"inLanguage\":\"es\"},{\"@type\":\"Organization\",\"@id\":\"https:\\\/\\\/revistamarcas.net\\\/#organization\",\"name\":\"Revista Marcas\",\"url\":\"https:\\\/\\\/revistamarcas.net\\\/\",\"logo\":{\"@type\":\"ImageObject\",\"inLanguage\":\"es\",\"@id\":\"https:\\\/\\\/revistamarcas.net\\\/#\\\/schema\\\/logo\\\/image\\\/\",\"url\":\"https:\\\/\\\/revistamarcas.net\\\/wp-content\\\/uploads\\\/2026\\\/04\\\/Logo-Mp.jpg\",\"contentUrl\":\"https:\\\/\\\/revistamarcas.net\\\/wp-content\\\/uploads\\\/2026\\\/04\\\/Logo-Mp.jpg\",\"width\":390,\"height\":74,\"caption\":\"Revista Marcas\"},\"image\":{\"@id\":\"https:\\\/\\\/revistamarcas.net\\\/#\\\/schema\\\/logo\\\/image\\\/\"},\"sameAs\":[\"https:\\\/\\\/www.facebook.com\\\/MarcasVe\",\"https:\\\/\\\/www.instagram.com\\\/revistamarcas\\\/\"]},{\"@type\":\"Person\",\"@id\":\"https:\\\/\\\/revistamarcas.net\\\/#\\\/schema\\\/person\\\/a149417727082680051f19287f3ca846\",\"name\":\"Revista Marcas\",\"image\":{\"@type\":\"ImageObject\",\"inLanguage\":\"es\",\"@id\":\"https:\\\/\\\/secure.gravatar.com\\\/avatar\\\/9becf47e9c062715e5cf1b6713705811b8d616de22a9552d77a20d938854ade4?s=96&d=mm&r=g\",\"url\":\"https:\\\/\\\/secure.gravatar.com\\\/avatar\\\/9becf47e9c062715e5cf1b6713705811b8d616de22a9552d77a20d938854ade4?s=96&d=mm&r=g\",\"contentUrl\":\"https:\\\/\\\/secure.gravatar.com\\\/avatar\\\/9becf47e9c062715e5cf1b6713705811b8d616de22a9552d77a20d938854ade4?s=96&d=mm&r=g\",\"caption\":\"Revista Marcas\"},\"sameAs\":[\"http:\\\/\\\/revistamarcas.net\"],\"url\":\"https:\\\/\\\/revistamarcas.net\\\/?author=8\"}]}<\/script>\n<!-- \/ Yoast SEO plugin. -->","yoast_head_json":{"title":"Rebranding: una declaraci\u00f3n de intenciones - Revista Marcas","robots":{"index":"index","follow":"follow","max-snippet":"max-snippet:-1","max-image-preview":"max-image-preview:large","max-video-preview":"max-video-preview:-1"},"canonical":"https:\/\/revistamarcas.net\/?p=2626","og_locale":"es_ES","og_type":"article","og_title":"Rebranding: una declaraci\u00f3n de intenciones - Revista Marcas","og_description":"A menudo escuchamos la palabra rebranding y la asociamos, casi de manera autom\u00e1tica, con un cambio de logo o un ajuste est\u00e9tico en la identidad visual de una marca. Sin embargo, esta visi\u00f3n es superficial.","og_url":"https:\/\/revistamarcas.net\/?p=2626","og_site_name":"Revista Marcas","article_publisher":"https:\/\/www.facebook.com\/MarcasVe","article_published_time":"2025-10-02T14:23:47+00:00","og_image":[{"width":1024,"height":683,"url":"https:\/\/revistamarcas.net\/wp-content\/uploads\/2025\/10\/Rodolfo.jpg","type":"image\/jpeg"}],"author":"Revista Marcas","twitter_card":"summary_large_image","twitter_misc":{"Escrito por":"Revista Marcas","Tiempo de lectura":"2 minutos"},"schema":{"@context":"https:\/\/schema.org","@graph":[{"@type":"NewsArticle","@id":"https:\/\/revistamarcas.net\/?p=2626#article","isPartOf":{"@id":"https:\/\/revistamarcas.net\/?p=2626"},"author":{"name":"Revista Marcas","@id":"https:\/\/revistamarcas.net\/#\/schema\/person\/a149417727082680051f19287f3ca846"},"headline":"Rebranding: una declaraci\u00f3n de intenciones","datePublished":"2025-10-02T14:23:47+00:00","mainEntityOfPage":{"@id":"https:\/\/revistamarcas.net\/?p=2626"},"wordCount":492,"commentCount":0,"publisher":{"@id":"https:\/\/revistamarcas.net\/#organization"},"image":{"@id":"https:\/\/revistamarcas.net\/?p=2626#primaryimage"},"thumbnailUrl":"https:\/\/revistamarcas.net\/wp-content\/uploads\/2025\/10\/Rodolfo.jpg","keywords":["Articulo","Opini\u00f3n","Revista","Rodolfo Nolck"],"articleSection":["Articulos"],"inLanguage":"es","potentialAction":[{"@type":"CommentAction","name":"Comment","target":["https:\/\/revistamarcas.net\/?p=2626#respond"]}]},{"@type":"WebPage","@id":"https:\/\/revistamarcas.net\/?p=2626","url":"https:\/\/revistamarcas.net\/?p=2626","name":"Rebranding: una declaraci\u00f3n de intenciones - Revista Marcas","isPartOf":{"@id":"https:\/\/revistamarcas.net\/#website"},"primaryImageOfPage":{"@id":"https:\/\/revistamarcas.net\/?p=2626#primaryimage"},"image":{"@id":"https:\/\/revistamarcas.net\/?p=2626#primaryimage"},"thumbnailUrl":"https:\/\/revistamarcas.net\/wp-content\/uploads\/2025\/10\/Rodolfo.jpg","datePublished":"2025-10-02T14:23:47+00:00","breadcrumb":{"@id":"https:\/\/revistamarcas.net\/?p=2626#breadcrumb"},"inLanguage":"es","potentialAction":[{"@type":"ReadAction","target":["https:\/\/revistamarcas.net\/?p=2626"]}]},{"@type":"ImageObject","inLanguage":"es","@id":"https:\/\/revistamarcas.net\/?p=2626#primaryimage","url":"https:\/\/revistamarcas.net\/wp-content\/uploads\/2025\/10\/Rodolfo.jpg","contentUrl":"https:\/\/revistamarcas.net\/wp-content\/uploads\/2025\/10\/Rodolfo.jpg","width":1024,"height":683},{"@type":"BreadcrumbList","@id":"https:\/\/revistamarcas.net\/?p=2626#breadcrumb","itemListElement":[{"@type":"ListItem","position":1,"name":"Portada","item":"https:\/\/revistamarcas.net\/"},{"@type":"ListItem","position":2,"name":"Rebranding: una declaraci\u00f3n de intenciones"}]},{"@type":"WebSite","@id":"https:\/\/revistamarcas.net\/#website","url":"https:\/\/revistamarcas.net\/","name":"Revista Marcas","description":"Donde Negocios, Branding  y Creatividad se Unen","publisher":{"@id":"https:\/\/revistamarcas.net\/#organization"},"potentialAction":[{"@type":"SearchAction","target":{"@type":"EntryPoint","urlTemplate":"https:\/\/revistamarcas.net\/?s={search_term_string}"},"query-input":{"@type":"PropertyValueSpecification","valueRequired":true,"valueName":"search_term_string"}}],"inLanguage":"es"},{"@type":"Organization","@id":"https:\/\/revistamarcas.net\/#organization","name":"Revista Marcas","url":"https:\/\/revistamarcas.net\/","logo":{"@type":"ImageObject","inLanguage":"es","@id":"https:\/\/revistamarcas.net\/#\/schema\/logo\/image\/","url":"https:\/\/revistamarcas.net\/wp-content\/uploads\/2026\/04\/Logo-Mp.jpg","contentUrl":"https:\/\/revistamarcas.net\/wp-content\/uploads\/2026\/04\/Logo-Mp.jpg","width":390,"height":74,"caption":"Revista Marcas"},"image":{"@id":"https:\/\/revistamarcas.net\/#\/schema\/logo\/image\/"},"sameAs":["https:\/\/www.facebook.com\/MarcasVe","https:\/\/www.instagram.com\/revistamarcas\/"]},{"@type":"Person","@id":"https:\/\/revistamarcas.net\/#\/schema\/person\/a149417727082680051f19287f3ca846","name":"Revista Marcas","image":{"@type":"ImageObject","inLanguage":"es","@id":"https:\/\/secure.gravatar.com\/avatar\/9becf47e9c062715e5cf1b6713705811b8d616de22a9552d77a20d938854ade4?s=96&d=mm&r=g","url":"https:\/\/secure.gravatar.com\/avatar\/9becf47e9c062715e5cf1b6713705811b8d616de22a9552d77a20d938854ade4?s=96&d=mm&r=g","contentUrl":"https:\/\/secure.gravatar.com\/avatar\/9becf47e9c062715e5cf1b6713705811b8d616de22a9552d77a20d938854ade4?s=96&d=mm&r=g","caption":"Revista Marcas"},"sameAs":["http:\/\/revistamarcas.net"],"url":"https:\/\/revistamarcas.net\/?author=8"}]}},"_links":{"self":[{"href":"https:\/\/revistamarcas.net\/index.php?rest_route=\/wp\/v2\/posts\/2626","targetHints":{"allow":["GET"]}}],"collection":[{"href":"https:\/\/revistamarcas.net\/index.php?rest_route=\/wp\/v2\/posts"}],"about":[{"href":"https:\/\/revistamarcas.net\/index.php?rest_route=\/wp\/v2\/types\/post"}],"author":[{"embeddable":true,"href":"https:\/\/revistamarcas.net\/index.php?rest_route=\/wp\/v2\/users\/8"}],"replies":[{"embeddable":true,"href":"https:\/\/revistamarcas.net\/index.php?rest_route=%2Fwp%2Fv2%2Fcomments&post=2626"}],"version-history":[{"count":1,"href":"https:\/\/revistamarcas.net\/index.php?rest_route=\/wp\/v2\/posts\/2626\/revisions"}],"predecessor-version":[{"id":2628,"href":"https:\/\/revistamarcas.net\/index.php?rest_route=\/wp\/v2\/posts\/2626\/revisions\/2628"}],"wp:featuredmedia":[{"embeddable":true,"href":"https:\/\/revistamarcas.net\/index.php?rest_route=\/wp\/v2\/media\/2627"}],"wp:attachment":[{"href":"https:\/\/revistamarcas.net\/index.php?rest_route=%2Fwp%2Fv2%2Fmedia&parent=2626"}],"wp:term":[{"taxonomy":"category","embeddable":true,"href":"https:\/\/revistamarcas.net\/index.php?rest_route=%2Fwp%2Fv2%2Fcategories&post=2626"},{"taxonomy":"post_tag","embeddable":true,"href":"https:\/\/revistamarcas.net\/index.php?rest_route=%2Fwp%2Fv2%2Ftags&post=2626"}],"curies":[{"name":"wp","href":"https:\/\/api.w.org\/{rel}","templated":true}]}}